{"id":2422,"date":"2018-02-26T19:05:00","date_gmt":"2018-02-26T19:05:00","guid":{"rendered":"https:\/\/weinundkultur.eu\/at\/?p=2422"},"modified":"2025-11-06T19:19:13","modified_gmt":"2025-11-06T19:19:13","slug":"selezione-italia-15","status":"publish","type":"post","link":"https:\/\/weinundkultur.eu\/at\/2018\/02\/26\/selezione-italia-15\/","title":{"rendered":"Selezione Italia 15"},"content":{"rendered":"\t\t<div data-elementor-type=\"wp-post\" data-elementor-id=\"2422\" class=\"elementor elementor-2422\" data-elementor-post-type=\"post\">\n\t\t\t\t<div class=\"elementor-element elementor-element-22f02c71 e-flex e-con-boxed e-con e-parent\" data-id=\"22f02c71\" data-element_type=\"container\" data-settings=\"{&quot;background_background&quot;:&quot;classic&quot;}\">\n\t\t\t\t\t<div class=\"e-con-inner\">\n\t\t<div class=\"elementor-element elementor-element-7953074 e-con-full e-flex e-con e-child\" data-id=\"7953074\" data-element_type=\"container\">\n\t\t\t\t<div class=\"elementor-element elementor-element-2c0fcd5 elementor-widget elementor-widget-theme-post-title elementor-page-title elementor-widget-heading\" data-id=\"2c0fcd5\" data-element_type=\"widget\" data-widget_type=\"theme-post-title.default\">\n\t\t\t\t<div class=\"elementor-widget-container\">\n\t\t\t\t\t<h1 class=\"elementor-heading-title elementor-size-default\">Selezione Italia 15<\/h1>\t\t\t\t<\/div>\n\t\t\t\t<\/div>\n\t\t<div class=\"elementor-element elementor-element-7dea2da4 e-con-full e-flex e-con e-child\" data-id=\"7dea2da4\" data-element_type=\"container\">\n\t\t\t\t<div class=\"elementor-element elementor-element-8492604 elementor-icon-list--layout-traditional elementor-list-item-link-full_width elementor-widget elementor-widget-icon-list\" data-id=\"8492604\" data-element_type=\"widget\" data-widget_type=\"icon-list.default\">\n\t\t\t\t<div class=\"elementor-widget-container\">\n\t\t\t\t\t\t\t<ul class=\"elementor-icon-list-items\">\n\t\t\t\t\t\t\t<li class=\"elementor-icon-list-item\">\n\t\t\t\t\t\t\t\t\t\t\t<span class=\"elementor-icon-list-icon\">\n\t\t\t\t\t\t\t<i aria-hidden=\"true\" class=\"fas fa-calendar\"><\/i>\t\t\t\t\t\t<\/span>\n\t\t\t\t\t\t\t\t\t\t<span class=\"elementor-icon-list-text\">Montag 26. Februar 2018<\/span>\n\t\t\t\t\t\t\t\t\t<\/li>\n\t\t\t\t\t\t<\/ul>\n\t\t\t\t\t\t<\/div>\n\t\t\t\t<\/div>\n\t\t\t\t<div class=\"elementor-element elementor-element-3809864f elementor-icon-list--layout-traditional elementor-list-item-link-full_width elementor-widget elementor-widget-icon-list\" data-id=\"3809864f\" data-element_type=\"widget\" data-widget_type=\"icon-list.default\">\n\t\t\t\t<div class=\"elementor-widget-container\">\n\t\t\t\t\t\t\t<ul class=\"elementor-icon-list-items\">\n\t\t\t\t\t\t\t<li class=\"elementor-icon-list-item\">\n\t\t\t\t\t\t\t\t\t\t\t<span class=\"elementor-icon-list-icon\">\n\t\t\t\t\t\t\t<i aria-hidden=\"true\" class=\"fas fa-clock\"><\/i>\t\t\t\t\t\t<\/span>\n\t\t\t\t\t\t\t\t\t\t<span class=\"elementor-icon-list-text\">12:00 - 19:30<\/span>\n\t\t\t\t\t\t\t\t\t<\/li>\n\t\t\t\t\t\t<\/ul>\n\t\t\t\t\t\t<\/div>\n\t\t\t\t<\/div>\n\t\t\t\t<div class=\"elementor-element elementor-element-417c5f67 elementor-icon-list--layout-traditional elementor-list-item-link-full_width elementor-widget elementor-widget-icon-list\" data-id=\"417c5f67\" data-element_type=\"widget\" data-widget_type=\"icon-list.default\">\n\t\t\t\t<div class=\"elementor-widget-container\">\n\t\t\t\t\t\t\t<ul class=\"elementor-icon-list-items\">\n\t\t\t\t\t\t\t<li class=\"elementor-icon-list-item\">\n\t\t\t\t\t\t\t\t\t\t\t<span class=\"elementor-icon-list-icon\">\n\t\t\t\t\t\t\t<i aria-hidden=\"true\" class=\"fas fa-map-pin\"><\/i>\t\t\t\t\t\t<\/span>\n\t\t\t\t\t\t\t\t\t\t<span class=\"elementor-icon-list-text\">Hotel Regina, Wien<\/span>\n\t\t\t\t\t\t\t\t\t<\/li>\n\t\t\t\t\t\t<\/ul>\n\t\t\t\t\t\t<\/div>\n\t\t\t\t<\/div>\n\t\t\t\t<\/div>\n\t\t\t\t<\/div>\n\t\t\t\t\t<\/div>\n\t\t\t\t<\/div>\n\t\t<div class=\"elementor-element elementor-element-6f4f3ef1 e-flex e-con-boxed e-con e-parent\" data-id=\"6f4f3ef1\" data-element_type=\"container\">\n\t\t\t\t\t<div class=\"e-con-inner\">\n\t\t<div class=\"elementor-element elementor-element-75e8c461 e-con-full e-flex e-con e-child\" data-id=\"75e8c461\" data-element_type=\"container\">\n\t\t\t\t<div class=\"elementor-element elementor-element-37618204 elementor-widget elementor-widget-text-editor\" data-id=\"37618204\" data-element_type=\"widget\" data-widget_type=\"text-editor.default\">\n\t\t\t\t<div class=\"elementor-widget-container\">\n\t\t\t\t\t\t\t\t\t<p>Hier die italienischen\u00a0Winzer und Lebensmittelhersteller, die\u00a0am\u00a0<strong>Montag, 26. Februar 2018<\/strong>\u00a0ihre Weine und Spezialit\u00e4ten bei unserer 15.\u00a0\u00a0<strong>Selezione Italia\u00a0<\/strong>vorgestellt haben:<\/p><table><tbody><tr><td><strong>Friuli<\/strong><\/td><td>Colutta Wines, Ca\u00b4 Tullio, Grillo, Romano Vitas, Roncus<\/td><\/tr><tr><td><strong>Trentino<\/strong><\/td><td>Cantina Aldeno BIO, Casata Monforte, Bolognani<\/td><\/tr><tr><td><strong>Veneto<\/strong><\/td><td>Villa Angarano, Conte Emo Capodilista,\u00a0Galileo Vini BIO,\u00a0Cantine Vedova, Tenute Tomasella<\/td><\/tr><tr><td><strong>Lombardia<\/strong><\/td><td>Le Fracce<\/td><\/tr><tr><td><strong>Piemonte<\/strong><\/td><td>Villa Fiorita<\/td><\/tr><tr><td><strong>Liguria<\/strong><\/td><td>Lunae Bosoni<\/td><\/tr><tr><td><strong>Toscana<\/strong><\/td><td>San Felice, Carus Vini, Provveditore, Villa Cerna, Val delle Rose<\/td><\/tr><tr><td><strong>Emilia Romagna<\/strong><\/td><td>Montaia Vini<\/td><\/tr><tr><td><strong>Marche<\/strong><\/td><td>Stefano Mancinelli, Podere Santa Lucia<\/td><\/tr><tr><td><strong>Umbria<\/strong><\/td><td>Tenuta Alzatura<\/td><\/tr><tr><td><strong>Lazio<\/strong><\/td><td>Sergio Mottura BIO<\/td><\/tr><tr><td><strong>Molise<\/strong><\/td><td>Claudio Cipressi BIO<\/td><\/tr><tr><td><strong>Puglia<\/strong><\/td><td>Feudi Salentini, Petrelli, Paolo Leo, Masseria Li Veli, Tenute di Donna<\/td><\/tr><tr><td><strong>Sardegna<\/strong><\/td><td>Quartomoro, Giogantinu<\/td><\/tr><tr><td><strong>Spezialit\u00e4ten:<\/strong><\/td><td>Men\u00fa (Komplettanbieter f\u00fcr die Gastronomie: Antipasti, Schinken, K\u00e4se u.v.m.);\u00a0Reiter Caff\u00e9\u00a0(BIO\u00a0Kaffee und Oliven\u00f6l aus Sizilien), La Bella di Cerignola (Riesenoliven aus Apulien); Malfy Gin mit Zutaten aus Amalfi (Vienna Distribution); Il Pumo (Feinkost u. Weine aus Apulien);\u00a0Diana\u00a0BIO\u00a0Oliven\u00f6l u. Eingelegtes (Calabria); Pastificio Greco (frische gef\u00fcllte Pasta aus der Lombardei); CentoperCento (Grappa aus Treviso); Caff\u00e9 Mokajenne (Wine&amp;Food&amp;Art) mit Espressokultur<\/td><\/tr><\/tbody><\/table><p><strong>In gr\u00fcn<\/strong>: biologische\/biodynamische Produzenten<\/p><p>Details zu vorgestellten Weinen und Spezialit\u00e4ten:\u00a0<a href=\"https:\/\/web.archive.org\/web\/20201230044559\/http:\/\/www.weinundkultur.eu\/at\/wp-content\/uploads\/sites\/3\/2017\/11\/Katalog-Selezione-Italia-XV.pdf\" rel=\"\">Katalog Selezione Italia XV<\/a><\/p>\t\t\t\t\t\t\t\t<\/div>\n\t\t\t\t<\/div>\n\t\t\t\t<\/div>\n\t\t<div class=\"elementor-element elementor-element-b65e873 e-con-full e-flex e-con e-child\" data-id=\"b65e873\" data-element_type=\"container\">\n\t\t<div class=\"elementor-element elementor-element-5d3f51bf e-con-full e-flex e-con e-child\" data-id=\"5d3f51bf\" data-element_type=\"container\">\n\t\t\t\t<div class=\"elementor-element elementor-element-65987554 elementor-widget elementor-widget-image\" data-id=\"65987554\" data-element_type=\"widget\" data-widget_type=\"image.default\">\n\t\t\t\t<div class=\"elementor-widget-container\">\n\t\t\t\t\t\t\t\t\t\t\t\t\t\t\t<img fetchpriority=\"high\" decoding=\"async\" width=\"800\" height=\"375\" src=\"https:\/\/weinundkultur.eu\/at\/wp-content\/uploads\/sites\/2\/2025\/09\/Progetto-senza-titolo-1024x480.jpg\" class=\"attachment-large size-large wp-image-1248\" alt=\"\" srcset=\"https:\/\/weinundkultur.eu\/at\/wp-content\/uploads\/sites\/2\/2025\/09\/Progetto-senza-titolo-1024x480.jpg 1024w, https:\/\/weinundkultur.eu\/at\/wp-content\/uploads\/sites\/2\/2025\/09\/Progetto-senza-titolo-300x141.jpg 300w, https:\/\/weinundkultur.eu\/at\/wp-content\/uploads\/sites\/2\/2025\/09\/Progetto-senza-titolo-768x360.jpg 768w, https:\/\/weinundkultur.eu\/at\/wp-content\/uploads\/sites\/2\/2025\/09\/Progetto-senza-titolo-1536x720.jpg 1536w, https:\/\/weinundkultur.eu\/at\/wp-content\/uploads\/sites\/2\/2025\/09\/Progetto-senza-titolo.jpg 1920w\" sizes=\"(max-width: 800px) 100vw, 800px\" \/>\t\t\t\t\t\t\t\t\t\t\t\t\t\t\t<\/div>\n\t\t\t\t<\/div>\n\t\t\t\t<\/div>\n\t\t\t\t<\/div>\n\t\t\t\t\t<\/div>\n\t\t\t\t<\/div>\n\t\t<div class=\"elementor-element elementor-element-68157d31 e-flex e-con-boxed e-con e-parent\" data-id=\"68157d31\" data-element_type=\"container\">\n\t\t\t\t\t<div class=\"e-con-inner\">\n\t\t\t\t<div class=\"elementor-element elementor-element-49a33828 elementor-widget elementor-widget-gallery\" data-id=\"49a33828\" data-element_type=\"widget\" data-settings=\"{&quot;gallery_layout&quot;:&quot;masonry&quot;,&quot;columns&quot;:3,&quot;lazyload&quot;:&quot;yes&quot;,&quot;columns_tablet&quot;:2,&quot;columns_mobile&quot;:1,&quot;gap&quot;:{&quot;unit&quot;:&quot;px&quot;,&quot;size&quot;:10,&quot;sizes&quot;:[]},&quot;gap_tablet&quot;:{&quot;unit&quot;:&quot;px&quot;,&quot;size&quot;:10,&quot;sizes&quot;:[]},&quot;gap_mobile&quot;:{&quot;unit&quot;:&quot;px&quot;,&quot;size&quot;:10,&quot;sizes&quot;:[]},&quot;link_to&quot;:&quot;file&quot;,&quot;overlay_background&quot;:&quot;yes&quot;,&quot;content_hover_animation&quot;:&quot;fade-in&quot;}\" data-widget_type=\"gallery.default\">\n\t\t\t\t<div class=\"elementor-widget-container\">\n\t\t\t\t\t\t\t<div class=\"elementor-gallery__container\">\n\t\t\t\t\t\t\t<a class=\"e-gallery-item elementor-gallery-item elementor-animated-content\" href=\"https:\/\/weinundkultur.eu\/at\/wp-content\/uploads\/sites\/2\/2025\/09\/FOTO-Hotel-Regina-300x200-1-1.jpg\" data-elementor-open-lightbox=\"yes\" data-elementor-lightbox-slideshow=\"49a33828\" data-elementor-lightbox-title=\"FOTO-Hotel-Regina-300x200-1-1.jpg\" data-e-action-hash=\"#elementor-action%3Aaction%3Dlightbox%26settings%3DeyJpZCI6ODU1LCJ1cmwiOiJodHRwczpcL1wvd2VpbnVuZGt1bHR1ci5ldVwvYXRcL3dwLWNvbnRlbnRcL3VwbG9hZHNcL3NpdGVzXC8yXC8yMDI1XC8wOVwvRk9UTy1Ib3RlbC1SZWdpbmEtMzAweDIwMC0xLTEuanBnIiwic2xpZGVzaG93IjoiNDlhMzM4MjgifQ%3D%3D\">\n\t\t\t\t\t<div class=\"e-gallery-image elementor-gallery-item__image\" data-thumbnail=\"https:\/\/weinundkultur.eu\/at\/wp-content\/uploads\/sites\/2\/2025\/09\/FOTO-Hotel-Regina-300x200-1-1.jpg\" data-width=\"300\" data-height=\"200\" aria-label=\"\" role=\"img\" ><\/div>\n\t\t\t\t\t\t\t\t\t\t\t<div class=\"elementor-gallery-item__overlay\"><\/div>\n\t\t\t\t\t\t\t\t\t\t\t\t\t\t<\/a>\n\t\t\t\t\t\t\t<a class=\"e-gallery-item elementor-gallery-item elementor-animated-content\" href=\"https:\/\/weinundkultur.eu\/at\/wp-content\/uploads\/sites\/2\/2025\/09\/Votivsaal--scaled.jpg\" data-elementor-open-lightbox=\"yes\" data-elementor-lightbox-slideshow=\"49a33828\" data-elementor-lightbox-title=\"Votivsaal\" data-e-action-hash=\"#elementor-action%3Aaction%3Dlightbox%26settings%3DeyJpZCI6MTQ1NCwidXJsIjoiaHR0cHM6XC9cL3dlaW51bmRrdWx0dXIuZXVcL2F0XC93cC1jb250ZW50XC91cGxvYWRzXC9zaXRlc1wvMlwvMjAyNVwvMDlcL1ZvdGl2c2FhbC0tc2NhbGVkLmpwZyIsInNsaWRlc2hvdyI6IjQ5YTMzODI4In0%3D\">\n\t\t\t\t\t<div class=\"e-gallery-image elementor-gallery-item__image\" data-thumbnail=\"https:\/\/weinundkultur.eu\/at\/wp-content\/uploads\/sites\/2\/2025\/09\/Votivsaal--768x512.jpg\" data-width=\"768\" data-height=\"512\" aria-label=\"\" role=\"img\" ><\/div>\n\t\t\t\t\t\t\t\t\t\t\t<div class=\"elementor-gallery-item__overlay\"><\/div>\n\t\t\t\t\t\t\t\t\t\t\t\t\t\t<\/a>\n\t\t\t\t\t\t\t<a class=\"e-gallery-item elementor-gallery-item elementor-animated-content\" href=\"https:\/\/weinundkultur.eu\/at\/wp-content\/uploads\/sites\/2\/2025\/04\/Verkostung-Feb-25-79-von-111.jpg\" data-elementor-open-lightbox=\"yes\" data-elementor-lightbox-slideshow=\"49a33828\" data-elementor-lightbox-title=\"Verkostung Feb 25 (79 von 111)\" data-e-action-hash=\"#elementor-action%3Aaction%3Dlightbox%26settings%3DeyJpZCI6NDMzLCJ1cmwiOiJodHRwczpcL1wvd2VpbnVuZGt1bHR1ci5ldVwvYXRcL3dwLWNvbnRlbnRcL3VwbG9hZHNcL3NpdGVzXC8yXC8yMDI1XC8wNFwvVmVya29zdHVuZy1GZWItMjUtNzktdm9uLTExMS5qcGciLCJzbGlkZXNob3ciOiI0OWEzMzgyOCJ9\">\n\t\t\t\t\t<div class=\"e-gallery-image elementor-gallery-item__image\" data-thumbnail=\"https:\/\/weinundkultur.eu\/at\/wp-content\/uploads\/sites\/2\/2025\/04\/Verkostung-Feb-25-79-von-111-768x1152.jpg\" data-width=\"768\" data-height=\"1152\" aria-label=\"\" role=\"img\" ><\/div>\n\t\t\t\t\t\t\t\t\t\t\t<div class=\"elementor-gallery-item__overlay\"><\/div>\n\t\t\t\t\t\t\t\t\t\t\t\t\t\t<\/a>\n\t\t\t\t\t\t\t<a class=\"e-gallery-item elementor-gallery-item elementor-animated-content\" href=\"https:\/\/weinundkultur.eu\/at\/wp-content\/uploads\/sites\/2\/2025\/09\/Verkostung-Feb-25-31-von-111.jpg\" data-elementor-open-lightbox=\"yes\" data-elementor-lightbox-slideshow=\"49a33828\" data-elementor-lightbox-title=\"Verkostung Feb 25 (31 von 111)\" data-e-action-hash=\"#elementor-action%3Aaction%3Dlightbox%26settings%3DeyJpZCI6MTQ3NywidXJsIjoiaHR0cHM6XC9cL3dlaW51bmRrdWx0dXIuZXVcL2F0XC93cC1jb250ZW50XC91cGxvYWRzXC9zaXRlc1wvMlwvMjAyNVwvMDlcL1Zlcmtvc3R1bmctRmViLTI1LTMxLXZvbi0xMTEuanBnIiwic2xpZGVzaG93IjoiNDlhMzM4MjgifQ%3D%3D\">\n\t\t\t\t\t<div class=\"e-gallery-image elementor-gallery-item__image\" data-thumbnail=\"https:\/\/weinundkultur.eu\/at\/wp-content\/uploads\/sites\/2\/2025\/09\/Verkostung-Feb-25-31-von-111-768x564.jpg\" data-width=\"768\" data-height=\"564\" aria-label=\"\" role=\"img\" ><\/div>\n\t\t\t\t\t\t\t\t\t\t\t<div class=\"elementor-gallery-item__overlay\"><\/div>\n\t\t\t\t\t\t\t\t\t\t\t\t\t\t<\/a>\n\t\t\t\t\t\t\t<a class=\"e-gallery-item elementor-gallery-item elementor-animated-content\" href=\"https:\/\/weinundkultur.eu\/at\/wp-content\/uploads\/sites\/2\/2025\/09\/Verkostung-Feb-25-16-von-111.jpg\" data-elementor-open-lightbox=\"yes\" data-elementor-lightbox-slideshow=\"49a33828\" data-elementor-lightbox-title=\"Verkostung Feb 25 (16 von 111)\" data-e-action-hash=\"#elementor-action%3Aaction%3Dlightbox%26settings%3DeyJpZCI6MTQ2OSwidXJsIjoiaHR0cHM6XC9cL3dlaW51bmRrdWx0dXIuZXVcL2F0XC93cC1jb250ZW50XC91cGxvYWRzXC9zaXRlc1wvMlwvMjAyNVwvMDlcL1Zlcmtvc3R1bmctRmViLTI1LTE2LXZvbi0xMTEuanBnIiwic2xpZGVzaG93IjoiNDlhMzM4MjgifQ%3D%3D\">\n\t\t\t\t\t<div class=\"e-gallery-image elementor-gallery-item__image\" data-thumbnail=\"https:\/\/weinundkultur.eu\/at\/wp-content\/uploads\/sites\/2\/2025\/09\/Verkostung-Feb-25-16-von-111-768x1152.jpg\" data-width=\"768\" data-height=\"1152\" aria-label=\"\" role=\"img\" ><\/div>\n\t\t\t\t\t\t\t\t\t\t\t<div class=\"elementor-gallery-item__overlay\"><\/div>\n\t\t\t\t\t\t\t\t\t\t\t\t\t\t<\/a>\n\t\t\t\t\t\t\t<a class=\"e-gallery-item elementor-gallery-item elementor-animated-content\" href=\"https:\/\/weinundkultur.eu\/at\/wp-content\/uploads\/sites\/2\/2025\/09\/Verkostung-Feb-25-9-von-111.jpg\" data-elementor-open-lightbox=\"yes\" data-elementor-lightbox-slideshow=\"49a33828\" data-elementor-lightbox-title=\"Verkostung Feb 25 (9 von 111)\" data-e-action-hash=\"#elementor-action%3Aaction%3Dlightbox%26settings%3DeyJpZCI6MTQ2NiwidXJsIjoiaHR0cHM6XC9cL3dlaW51bmRrdWx0dXIuZXVcL2F0XC93cC1jb250ZW50XC91cGxvYWRzXC9zaXRlc1wvMlwvMjAyNVwvMDlcL1Zlcmtvc3R1bmctRmViLTI1LTktdm9uLTExMS5qcGciLCJzbGlkZXNob3ciOiI0OWEzMzgyOCJ9\">\n\t\t\t\t\t<div class=\"e-gallery-image elementor-gallery-item__image\" data-thumbnail=\"https:\/\/weinundkultur.eu\/at\/wp-content\/uploads\/sites\/2\/2025\/09\/Verkostung-Feb-25-9-von-111-768x1152.jpg\" data-width=\"768\" data-height=\"1152\" aria-label=\"\" role=\"img\" ><\/div>\n\t\t\t\t\t\t\t\t\t\t\t<div class=\"elementor-gallery-item__overlay\"><\/div>\n\t\t\t\t\t\t\t\t\t\t\t\t\t\t<\/a>\n\t\t\t\t\t\t\t<a class=\"e-gallery-item elementor-gallery-item elementor-animated-content\" href=\"https:\/\/weinundkultur.eu\/at\/wp-content\/uploads\/sites\/2\/2025\/09\/Verkostung-Feb-25-74-von-111.jpg\" data-elementor-open-lightbox=\"yes\" data-elementor-lightbox-slideshow=\"49a33828\" data-elementor-lightbox-title=\"Verkostung Feb 25 (74 von 111)\" data-e-action-hash=\"#elementor-action%3Aaction%3Dlightbox%26settings%3DeyJpZCI6MTQ1OSwidXJsIjoiaHR0cHM6XC9cL3dlaW51bmRrdWx0dXIuZXVcL2F0XC93cC1jb250ZW50XC91cGxvYWRzXC9zaXRlc1wvMlwvMjAyNVwvMDlcL1Zlcmtvc3R1bmctRmViLTI1LTc0LXZvbi0xMTEuanBnIiwic2xpZGVzaG93IjoiNDlhMzM4MjgifQ%3D%3D\">\n\t\t\t\t\t<div class=\"e-gallery-image elementor-gallery-item__image\" data-thumbnail=\"https:\/\/weinundkultur.eu\/at\/wp-content\/uploads\/sites\/2\/2025\/09\/Verkostung-Feb-25-74-von-111-768x512.jpg\" data-width=\"768\" data-height=\"512\" aria-label=\"\" role=\"img\" ><\/div>\n\t\t\t\t\t\t\t\t\t\t\t<div class=\"elementor-gallery-item__overlay\"><\/div>\n\t\t\t\t\t\t\t\t\t\t\t\t\t\t<\/a>\n\t\t\t\t\t\t\t<a class=\"e-gallery-item elementor-gallery-item elementor-animated-content\" href=\"https:\/\/weinundkultur.eu\/at\/wp-content\/uploads\/sites\/2\/2025\/09\/Verkostung-Feb-25-86-von-111-1.jpg\" data-elementor-open-lightbox=\"yes\" data-elementor-lightbox-slideshow=\"49a33828\" data-elementor-lightbox-title=\"Verkostung Feb 25 (86 von 111)\" data-e-action-hash=\"#elementor-action%3Aaction%3Dlightbox%26settings%3DeyJpZCI6MTQ1OCwidXJsIjoiaHR0cHM6XC9cL3dlaW51bmRrdWx0dXIuZXVcL2F0XC93cC1jb250ZW50XC91cGxvYWRzXC9zaXRlc1wvMlwvMjAyNVwvMDlcL1Zlcmtvc3R1bmctRmViLTI1LTg2LXZvbi0xMTEtMS5qcGciLCJzbGlkZXNob3ciOiI0OWEzMzgyOCJ9\">\n\t\t\t\t\t<div class=\"e-gallery-image elementor-gallery-item__image\" data-thumbnail=\"https:\/\/weinundkultur.eu\/at\/wp-content\/uploads\/sites\/2\/2025\/09\/Verkostung-Feb-25-86-von-111-1-768x512.jpg\" data-width=\"768\" data-height=\"512\" aria-label=\"\" role=\"img\" ><\/div>\n\t\t\t\t\t\t\t\t\t\t\t<div class=\"elementor-gallery-item__overlay\"><\/div>\n\t\t\t\t\t\t\t\t\t\t\t\t\t\t<\/a>\n\t\t\t\t\t\t\t<a class=\"e-gallery-item elementor-gallery-item elementor-animated-content\" href=\"https:\/\/weinundkultur.eu\/at\/wp-content\/uploads\/sites\/2\/2025\/09\/Verkostung-Feb-25-93-von-111.jpg\" data-elementor-open-lightbox=\"yes\" data-elementor-lightbox-slideshow=\"49a33828\" data-elementor-lightbox-title=\"Verkostung Feb 25 (93 von 111)\" data-e-action-hash=\"#elementor-action%3Aaction%3Dlightbox%26settings%3DeyJpZCI6MTQ1NiwidXJsIjoiaHR0cHM6XC9cL3dlaW51bmRrdWx0dXIuZXVcL2F0XC93cC1jb250ZW50XC91cGxvYWRzXC9zaXRlc1wvMlwvMjAyNVwvMDlcL1Zlcmtvc3R1bmctRmViLTI1LTkzLXZvbi0xMTEuanBnIiwic2xpZGVzaG93IjoiNDlhMzM4MjgifQ%3D%3D\">\n\t\t\t\t\t<div class=\"e-gallery-image elementor-gallery-item__image\" data-thumbnail=\"https:\/\/weinundkultur.eu\/at\/wp-content\/uploads\/sites\/2\/2025\/09\/Verkostung-Feb-25-93-von-111-768x512.jpg\" data-width=\"768\" data-height=\"512\" aria-label=\"\" role=\"img\" ><\/div>\n\t\t\t\t\t\t\t\t\t\t\t<div class=\"elementor-gallery-item__overlay\"><\/div>\n\t\t\t\t\t\t\t\t\t\t\t\t\t\t<\/a>\n\t\t\t\t\t\t\t<a class=\"e-gallery-item elementor-gallery-item elementor-animated-content\" href=\"https:\/\/weinundkultur.eu\/at\/wp-content\/uploads\/sites\/2\/2025\/04\/Verkostung-Feb-25-28-von-111.jpg\" data-elementor-open-lightbox=\"yes\" data-elementor-lightbox-slideshow=\"49a33828\" data-elementor-lightbox-title=\"Verkostung Feb 25 (28 von 111)\" data-e-action-hash=\"#elementor-action%3Aaction%3Dlightbox%26settings%3DeyJpZCI6NDI3LCJ1cmwiOiJodHRwczpcL1wvd2VpbnVuZGt1bHR1ci5ldVwvYXRcL3dwLWNvbnRlbnRcL3VwbG9hZHNcL3NpdGVzXC8yXC8yMDI1XC8wNFwvVmVya29zdHVuZy1GZWItMjUtMjgtdm9uLTExMS5qcGciLCJzbGlkZXNob3ciOiI0OWEzMzgyOCJ9\">\n\t\t\t\t\t<div class=\"e-gallery-image elementor-gallery-item__image\" data-thumbnail=\"https:\/\/weinundkultur.eu\/at\/wp-content\/uploads\/sites\/2\/2025\/04\/Verkostung-Feb-25-28-von-111-768x1152.jpg\" data-width=\"768\" data-height=\"1152\" aria-label=\"\" role=\"img\" ><\/div>\n\t\t\t\t\t\t\t\t\t\t\t<div class=\"elementor-gallery-item__overlay\"><\/div>\n\t\t\t\t\t\t\t\t\t\t\t\t\t\t<\/a>\n\t\t\t\t\t\t\t<a class=\"e-gallery-item elementor-gallery-item elementor-animated-content\" href=\"https:\/\/weinundkultur.eu\/at\/wp-content\/uploads\/sites\/2\/2025\/09\/Verkostung-Feb-25-3-von-111.jpg\" data-elementor-open-lightbox=\"yes\" data-elementor-lightbox-slideshow=\"49a33828\" data-elementor-lightbox-title=\"Verkostung Feb 25 (3 von 111)\" data-e-action-hash=\"#elementor-action%3Aaction%3Dlightbox%26settings%3DeyJpZCI6MTQ2NywidXJsIjoiaHR0cHM6XC9cL3dlaW51bmRrdWx0dXIuZXVcL2F0XC93cC1jb250ZW50XC91cGxvYWRzXC9zaXRlc1wvMlwvMjAyNVwvMDlcL1Zlcmtvc3R1bmctRmViLTI1LTMtdm9uLTExMS5qcGciLCJzbGlkZXNob3ciOiI0OWEzMzgyOCJ9\">\n\t\t\t\t\t<div class=\"e-gallery-image elementor-gallery-item__image\" data-thumbnail=\"https:\/\/weinundkultur.eu\/at\/wp-content\/uploads\/sites\/2\/2025\/09\/Verkostung-Feb-25-3-von-111-768x1079.jpg\" data-width=\"768\" data-height=\"1079\" aria-label=\"\" role=\"img\" ><\/div>\n\t\t\t\t\t\t\t\t\t\t\t<div class=\"elementor-gallery-item__overlay\"><\/div>\n\t\t\t\t\t\t\t\t\t\t\t\t\t\t<\/a>\n\t\t\t\t\t\t\t<a class=\"e-gallery-item elementor-gallery-item elementor-animated-content\" href=\"https:\/\/weinundkultur.eu\/at\/wp-content\/uploads\/sites\/2\/2025\/09\/Verkostung-Feb-25-24-von-111.jpg\" data-elementor-open-lightbox=\"yes\" data-elementor-lightbox-slideshow=\"49a33828\" data-elementor-lightbox-title=\"Verkostung Feb 25 (24 von 111)\" data-e-action-hash=\"#elementor-action%3Aaction%3Dlightbox%26settings%3DeyJpZCI6MTQ3MiwidXJsIjoiaHR0cHM6XC9cL3dlaW51bmRrdWx0dXIuZXVcL2F0XC93cC1jb250ZW50XC91cGxvYWRzXC9zaXRlc1wvMlwvMjAyNVwvMDlcL1Zlcmtvc3R1bmctRmViLTI1LTI0LXZvbi0xMTEuanBnIiwic2xpZGVzaG93IjoiNDlhMzM4MjgifQ%3D%3D\">\n\t\t\t\t\t<div class=\"e-gallery-image elementor-gallery-item__image\" data-thumbnail=\"https:\/\/weinundkultur.eu\/at\/wp-content\/uploads\/sites\/2\/2025\/09\/Verkostung-Feb-25-24-von-111-768x1152.jpg\" data-width=\"768\" data-height=\"1152\" aria-label=\"\" role=\"img\" ><\/div>\n\t\t\t\t\t\t\t\t\t\t\t<div class=\"elementor-gallery-item__overlay\"><\/div>\n\t\t\t\t\t\t\t\t\t\t\t\t\t\t<\/a>\n\t\t\t\t\t\t\t<a class=\"e-gallery-item elementor-gallery-item elementor-animated-content\" href=\"https:\/\/weinundkultur.eu\/at\/wp-content\/uploads\/sites\/2\/2025\/09\/Verkostung-Feb-25-10-von-111.jpg\" data-elementor-open-lightbox=\"yes\" data-elementor-lightbox-slideshow=\"49a33828\" data-elementor-lightbox-title=\"Verkostung Feb 25 (10 von 111)\" data-e-action-hash=\"#elementor-action%3Aaction%3Dlightbox%26settings%3DeyJpZCI6MTQ3NSwidXJsIjoiaHR0cHM6XC9cL3dlaW51bmRrdWx0dXIuZXVcL2F0XC93cC1jb250ZW50XC91cGxvYWRzXC9zaXRlc1wvMlwvMjAyNVwvMDlcL1Zlcmtvc3R1bmctRmViLTI1LTEwLXZvbi0xMTEuanBnIiwic2xpZGVzaG93IjoiNDlhMzM4MjgifQ%3D%3D\">\n\t\t\t\t\t<div class=\"e-gallery-image elementor-gallery-item__image\" data-thumbnail=\"https:\/\/weinundkultur.eu\/at\/wp-content\/uploads\/sites\/2\/2025\/09\/Verkostung-Feb-25-10-von-111-768x1152.jpg\" data-width=\"768\" data-height=\"1152\" aria-label=\"\" role=\"img\" ><\/div>\n\t\t\t\t\t\t\t\t\t\t\t<div class=\"elementor-gallery-item__overlay\"><\/div>\n\t\t\t\t\t\t\t\t\t\t\t\t\t\t<\/a>\n\t\t\t\t\t\t\t<a class=\"e-gallery-item elementor-gallery-item elementor-animated-content\" href=\"https:\/\/weinundkultur.eu\/at\/wp-content\/uploads\/sites\/2\/2025\/09\/Verkostung-Feb-25-22-von-111.jpg\" data-elementor-open-lightbox=\"yes\" data-elementor-lightbox-slideshow=\"49a33828\" data-elementor-lightbox-title=\"Verkostung Feb 25 (22 von 111)\" data-e-action-hash=\"#elementor-action%3Aaction%3Dlightbox%26settings%3DeyJpZCI6MTQ2MywidXJsIjoiaHR0cHM6XC9cL3dlaW51bmRrdWx0dXIuZXVcL2F0XC93cC1jb250ZW50XC91cGxvYWRzXC9zaXRlc1wvMlwvMjAyNVwvMDlcL1Zlcmtvc3R1bmctRmViLTI1LTIyLXZvbi0xMTEuanBnIiwic2xpZGVzaG93IjoiNDlhMzM4MjgifQ%3D%3D\">\n\t\t\t\t\t<div class=\"e-gallery-image elementor-gallery-item__image\" data-thumbnail=\"https:\/\/weinundkultur.eu\/at\/wp-content\/uploads\/sites\/2\/2025\/09\/Verkostung-Feb-25-22-von-111-768x512.jpg\" data-width=\"768\" data-height=\"512\" aria-label=\"\" role=\"img\" ><\/div>\n\t\t\t\t\t\t\t\t\t\t\t<div class=\"elementor-gallery-item__overlay\"><\/div>\n\t\t\t\t\t\t\t\t\t\t\t\t\t\t<\/a>\n\t\t\t\t\t\t\t<a class=\"e-gallery-item elementor-gallery-item elementor-animated-content\" href=\"https:\/\/weinundkultur.eu\/at\/wp-content\/uploads\/sites\/2\/2025\/09\/Verkostung-Feb-25-25-von-111.jpg\" data-elementor-open-lightbox=\"yes\" data-elementor-lightbox-slideshow=\"49a33828\" data-elementor-lightbox-title=\"Verkostung Feb 25 (25 von 111)\" data-e-action-hash=\"#elementor-action%3Aaction%3Dlightbox%26settings%3DeyJpZCI6MTQ2MiwidXJsIjoiaHR0cHM6XC9cL3dlaW51bmRrdWx0dXIuZXVcL2F0XC93cC1jb250ZW50XC91cGxvYWRzXC9zaXRlc1wvMlwvMjAyNVwvMDlcL1Zlcmtvc3R1bmctRmViLTI1LTI1LXZvbi0xMTEuanBnIiwic2xpZGVzaG93IjoiNDlhMzM4MjgifQ%3D%3D\">\n\t\t\t\t\t<div class=\"e-gallery-image elementor-gallery-item__image\" data-thumbnail=\"https:\/\/weinundkultur.eu\/at\/wp-content\/uploads\/sites\/2\/2025\/09\/Verkostung-Feb-25-25-von-111-768x512.jpg\" data-width=\"768\" data-height=\"512\" aria-label=\"\" role=\"img\" ><\/div>\n\t\t\t\t\t\t\t\t\t\t\t<div class=\"elementor-gallery-item__overlay\"><\/div>\n\t\t\t\t\t\t\t\t\t\t\t\t\t\t<\/a>\n\t\t\t\t\t\t\t<a class=\"e-gallery-item elementor-gallery-item elementor-animated-content\" href=\"https:\/\/weinundkultur.eu\/at\/wp-content\/uploads\/sites\/2\/2025\/09\/Verkostung-Feb-25-26-von-111.jpg\" data-elementor-open-lightbox=\"yes\" data-elementor-lightbox-slideshow=\"49a33828\" data-elementor-lightbox-title=\"Verkostung Feb 25 (26 von 111)\" data-e-action-hash=\"#elementor-action%3Aaction%3Dlightbox%26settings%3DeyJpZCI6MTQ2MSwidXJsIjoiaHR0cHM6XC9cL3dlaW51bmRrdWx0dXIuZXVcL2F0XC93cC1jb250ZW50XC91cGxvYWRzXC9zaXRlc1wvMlwvMjAyNVwvMDlcL1Zlcmtvc3R1bmctRmViLTI1LTI2LXZvbi0xMTEuanBnIiwic2xpZGVzaG93IjoiNDlhMzM4MjgifQ%3D%3D\">\n\t\t\t\t\t<div class=\"e-gallery-image elementor-gallery-item__image\" data-thumbnail=\"https:\/\/weinundkultur.eu\/at\/wp-content\/uploads\/sites\/2\/2025\/09\/Verkostung-Feb-25-26-von-111-768x512.jpg\" data-width=\"768\" data-height=\"512\" aria-label=\"\" role=\"img\" ><\/div>\n\t\t\t\t\t\t\t\t\t\t\t<div class=\"elementor-gallery-item__overlay\"><\/div>\n\t\t\t\t\t\t\t\t\t\t\t\t\t\t<\/a>\n\t\t\t\t\t\t\t<a class=\"e-gallery-item elementor-gallery-item elementor-animated-content\" href=\"https:\/\/weinundkultur.eu\/at\/wp-content\/uploads\/sites\/2\/2025\/09\/Verkostung-Feb-25-64-von-111.jpg\" data-elementor-open-lightbox=\"yes\" data-elementor-lightbox-slideshow=\"49a33828\" data-elementor-lightbox-title=\"Verkostung Feb 25 (64 von 111)\" data-e-action-hash=\"#elementor-action%3Aaction%3Dlightbox%26settings%3DeyJpZCI6MTQ2MCwidXJsIjoiaHR0cHM6XC9cL3dlaW51bmRrdWx0dXIuZXVcL2F0XC93cC1jb250ZW50XC91cGxvYWRzXC9zaXRlc1wvMlwvMjAyNVwvMDlcL1Zlcmtvc3R1bmctRmViLTI1LTY0LXZvbi0xMTEuanBnIiwic2xpZGVzaG93IjoiNDlhMzM4MjgifQ%3D%3D\">\n\t\t\t\t\t<div class=\"e-gallery-image elementor-gallery-item__image\" data-thumbnail=\"https:\/\/weinundkultur.eu\/at\/wp-content\/uploads\/sites\/2\/2025\/09\/Verkostung-Feb-25-64-von-111-768x512.jpg\" data-width=\"768\" data-height=\"512\" aria-label=\"\" role=\"img\" ><\/div>\n\t\t\t\t\t\t\t\t\t\t\t<div class=\"elementor-gallery-item__overlay\"><\/div>\n\t\t\t\t\t\t\t\t\t\t\t\t\t\t<\/a>\n\t\t\t\t\t\t\t<a class=\"e-gallery-item elementor-gallery-item elementor-animated-content\" href=\"https:\/\/weinundkultur.eu\/at\/wp-content\/uploads\/sites\/2\/2025\/09\/Verkostung-Feb-25-7-von-111.jpg\" data-elementor-open-lightbox=\"yes\" data-elementor-lightbox-slideshow=\"49a33828\" data-elementor-lightbox-title=\"Verkostung Feb 25 (7 von 111)\" data-e-action-hash=\"#elementor-action%3Aaction%3Dlightbox%26settings%3DeyJpZCI6MTQ1MywidXJsIjoiaHR0cHM6XC9cL3dlaW51bmRrdWx0dXIuZXVcL2F0XC93cC1jb250ZW50XC91cGxvYWRzXC9zaXRlc1wvMlwvMjAyNVwvMDlcL1Zlcmtvc3R1bmctRmViLTI1LTctdm9uLTExMS5qcGciLCJzbGlkZXNob3ciOiI0OWEzMzgyOCJ9\">\n\t\t\t\t\t<div class=\"e-gallery-image elementor-gallery-item__image\" data-thumbnail=\"https:\/\/weinundkultur.eu\/at\/wp-content\/uploads\/sites\/2\/2025\/09\/Verkostung-Feb-25-7-von-111-768x512.jpg\" data-width=\"768\" data-height=\"512\" aria-label=\"\" role=\"img\" ><\/div>\n\t\t\t\t\t\t\t\t\t\t\t<div class=\"elementor-gallery-item__overlay\"><\/div>\n\t\t\t\t\t\t\t\t\t\t\t\t\t\t<\/a>\n\t\t\t\t\t\t\t<a class=\"e-gallery-item elementor-gallery-item elementor-animated-content\" href=\"https:\/\/weinundkultur.eu\/at\/wp-content\/uploads\/sites\/2\/2025\/09\/Verkostung-Feb-25-1-von-111.jpg\" data-elementor-open-lightbox=\"yes\" data-elementor-lightbox-slideshow=\"49a33828\" data-elementor-lightbox-title=\"Verkostung Feb 25 (1 von 111)\" data-e-action-hash=\"#elementor-action%3Aaction%3Dlightbox%26settings%3DeyJpZCI6MTM0OCwidXJsIjoiaHR0cHM6XC9cL3dlaW51bmRrdWx0dXIuZXVcL2F0XC93cC1jb250ZW50XC91cGxvYWRzXC9zaXRlc1wvMlwvMjAyNVwvMDlcL1Zlcmtvc3R1bmctRmViLTI1LTEtdm9uLTExMS5qcGciLCJzbGlkZXNob3ciOiI0OWEzMzgyOCJ9\">\n\t\t\t\t\t<div class=\"e-gallery-image elementor-gallery-item__image\" data-thumbnail=\"https:\/\/weinundkultur.eu\/at\/wp-content\/uploads\/sites\/2\/2025\/09\/Verkostung-Feb-25-1-von-111-768x512.jpg\" data-width=\"768\" data-height=\"512\" aria-label=\"\" role=\"img\" ><\/div>\n\t\t\t\t\t\t\t\t\t\t\t<div class=\"elementor-gallery-item__overlay\"><\/div>\n\t\t\t\t\t\t\t\t\t\t\t\t\t\t<\/a>\n\t\t\t\t\t\t\t<a class=\"e-gallery-item elementor-gallery-item elementor-animated-content\" href=\"https:\/\/weinundkultur.eu\/at\/wp-content\/uploads\/sites\/2\/2025\/04\/Verkostung-Feb-25-71-von-111.jpg\" data-elementor-open-lightbox=\"yes\" data-elementor-lightbox-slideshow=\"49a33828\" data-elementor-lightbox-title=\"Verkostung Feb 25 (71 von 111)\" data-e-action-hash=\"#elementor-action%3Aaction%3Dlightbox%26settings%3DeyJpZCI6NDMyLCJ1cmwiOiJodHRwczpcL1wvd2VpbnVuZGt1bHR1ci5ldVwvYXRcL3dwLWNvbnRlbnRcL3VwbG9hZHNcL3NpdGVzXC8yXC8yMDI1XC8wNFwvVmVya29zdHVuZy1GZWItMjUtNzEtdm9uLTExMS5qcGciLCJzbGlkZXNob3ciOiI0OWEzMzgyOCJ9\">\n\t\t\t\t\t<div class=\"e-gallery-image elementor-gallery-item__image\" data-thumbnail=\"https:\/\/weinundkultur.eu\/at\/wp-content\/uploads\/sites\/2\/2025\/04\/Verkostung-Feb-25-71-von-111-768x1152.jpg\" data-width=\"768\" data-height=\"1152\" aria-label=\"\" role=\"img\" ><\/div>\n\t\t\t\t\t\t\t\t\t\t\t<div class=\"elementor-gallery-item__overlay\"><\/div>\n\t\t\t\t\t\t\t\t\t\t\t\t\t\t<\/a>\n\t\t\t\t\t\t\t<a class=\"e-gallery-item elementor-gallery-item elementor-animated-content\" href=\"https:\/\/weinundkultur.eu\/at\/wp-content\/uploads\/sites\/2\/2025\/04\/Verkostung-Feb-25-67-von-111.jpg\" data-elementor-open-lightbox=\"yes\" data-elementor-lightbox-slideshow=\"49a33828\" data-elementor-lightbox-title=\"Verkostung Feb 25 (67 von 111)\" data-e-action-hash=\"#elementor-action%3Aaction%3Dlightbox%26settings%3DeyJpZCI6NDMxLCJ1cmwiOiJodHRwczpcL1wvd2VpbnVuZGt1bHR1ci5ldVwvYXRcL3dwLWNvbnRlbnRcL3VwbG9hZHNcL3NpdGVzXC8yXC8yMDI1XC8wNFwvVmVya29zdHVuZy1GZWItMjUtNjctdm9uLTExMS5qcGciLCJzbGlkZXNob3ciOiI0OWEzMzgyOCJ9\">\n\t\t\t\t\t<div class=\"e-gallery-image elementor-gallery-item__image\" data-thumbnail=\"https:\/\/weinundkultur.eu\/at\/wp-content\/uploads\/sites\/2\/2025\/04\/Verkostung-Feb-25-67-von-111-768x1152.jpg\" data-width=\"768\" data-height=\"1152\" aria-label=\"\" role=\"img\" ><\/div>\n\t\t\t\t\t\t\t\t\t\t\t<div class=\"elementor-gallery-item__overlay\"><\/div>\n\t\t\t\t\t\t\t\t\t\t\t\t\t\t<\/a>\n\t\t\t\t\t\t\t<a class=\"e-gallery-item elementor-gallery-item elementor-animated-content\" href=\"https:\/\/weinundkultur.eu\/at\/wp-content\/uploads\/sites\/2\/2025\/04\/Verkostung-Feb-25-29-von-111.jpg\" data-elementor-open-lightbox=\"yes\" data-elementor-lightbox-slideshow=\"49a33828\" data-elementor-lightbox-title=\"Verkostung Feb 25 (29 von 111)\" data-e-action-hash=\"#elementor-action%3Aaction%3Dlightbox%26settings%3DeyJpZCI6NDI4LCJ1cmwiOiJodHRwczpcL1wvd2VpbnVuZGt1bHR1ci5ldVwvYXRcL3dwLWNvbnRlbnRcL3VwbG9hZHNcL3NpdGVzXC8yXC8yMDI1XC8wNFwvVmVya29zdHVuZy1GZWItMjUtMjktdm9uLTExMS5qcGciLCJzbGlkZXNob3ciOiI0OWEzMzgyOCJ9\">\n\t\t\t\t\t<div class=\"e-gallery-image elementor-gallery-item__image\" data-thumbnail=\"https:\/\/weinundkultur.eu\/at\/wp-content\/uploads\/sites\/2\/2025\/04\/Verkostung-Feb-25-29-von-111-768x1152.jpg\" data-width=\"768\" data-height=\"1152\" aria-label=\"\" role=\"img\" ><\/div>\n\t\t\t\t\t\t\t\t\t\t\t<div class=\"elementor-gallery-item__overlay\"><\/div>\n\t\t\t\t\t\t\t\t\t\t\t\t\t\t<\/a>\n\t\t\t\t\t\t\t<a class=\"e-gallery-item elementor-gallery-item elementor-animated-content\" href=\"https:\/\/weinundkultur.eu\/at\/wp-content\/uploads\/sites\/2\/2025\/09\/Verkostung-Feb-25-88-von-111.jpg\" data-elementor-open-lightbox=\"yes\" data-elementor-lightbox-slideshow=\"49a33828\" data-elementor-lightbox-title=\"Verkostung Feb 25 (88 von 111)\" data-e-action-hash=\"#elementor-action%3Aaction%3Dlightbox%26settings%3DeyJpZCI6MTQ1NywidXJsIjoiaHR0cHM6XC9cL3dlaW51bmRrdWx0dXIuZXVcL2F0XC93cC1jb250ZW50XC91cGxvYWRzXC9zaXRlc1wvMlwvMjAyNVwvMDlcL1Zlcmtvc3R1bmctRmViLTI1LTg4LXZvbi0xMTEuanBnIiwic2xpZGVzaG93IjoiNDlhMzM4MjgifQ%3D%3D\">\n\t\t\t\t\t<div class=\"e-gallery-image elementor-gallery-item__image\" data-thumbnail=\"https:\/\/weinundkultur.eu\/at\/wp-content\/uploads\/sites\/2\/2025\/09\/Verkostung-Feb-25-88-von-111-768x512.jpg\" data-width=\"768\" data-height=\"512\" aria-label=\"\" role=\"img\" ><\/div>\n\t\t\t\t\t\t\t\t\t\t\t<div class=\"elementor-gallery-item__overlay\"><\/div>\n\t\t\t\t\t\t\t\t\t\t\t\t\t\t<\/a>\n\t\t\t\t\t\t\t<a class=\"e-gallery-item elementor-gallery-item elementor-animated-content\" href=\"https:\/\/weinundkultur.eu\/at\/wp-content\/uploads\/sites\/2\/2025\/09\/Verkostung-Feb-25-108-von-111-1.jpg\" data-elementor-open-lightbox=\"yes\" data-elementor-lightbox-slideshow=\"49a33828\" data-elementor-lightbox-title=\"Verkostung Feb 25 (108 von 111)\" data-e-action-hash=\"#elementor-action%3Aaction%3Dlightbox%26settings%3DeyJpZCI6MTQ1NSwidXJsIjoiaHR0cHM6XC9cL3dlaW51bmRrdWx0dXIuZXVcL2F0XC93cC1jb250ZW50XC91cGxvYWRzXC9zaXRlc1wvMlwvMjAyNVwvMDlcL1Zlcmtvc3R1bmctRmViLTI1LTEwOC12b24tMTExLTEuanBnIiwic2xpZGVzaG93IjoiNDlhMzM4MjgifQ%3D%3D\">\n\t\t\t\t\t<div class=\"e-gallery-image elementor-gallery-item__image\" data-thumbnail=\"https:\/\/weinundkultur.eu\/at\/wp-content\/uploads\/sites\/2\/2025\/09\/Verkostung-Feb-25-108-von-111-1-768x512.jpg\" data-width=\"768\" data-height=\"512\" aria-label=\"\" role=\"img\" ><\/div>\n\t\t\t\t\t\t\t\t\t\t\t<div class=\"elementor-gallery-item__overlay\"><\/div>\n\t\t\t\t\t\t\t\t\t\t\t\t\t\t<\/a>\n\t\t\t\t\t\t\t<a class=\"e-gallery-item elementor-gallery-item elementor-animated-content\" href=\"https:\/\/weinundkultur.eu\/at\/wp-content\/uploads\/sites\/2\/2025\/04\/Verkostung-Feb-25-18-von-111.jpg\" data-elementor-open-lightbox=\"yes\" data-elementor-lightbox-slideshow=\"49a33828\" data-elementor-lightbox-title=\"Verkostung Feb 25 (18 von 111)\" data-e-action-hash=\"#elementor-action%3Aaction%3Dlightbox%26settings%3DeyJpZCI6NDI0LCJ1cmwiOiJodHRwczpcL1wvd2VpbnVuZGt1bHR1ci5ldVwvYXRcL3dwLWNvbnRlbnRcL3VwbG9hZHNcL3NpdGVzXC8yXC8yMDI1XC8wNFwvVmVya29zdHVuZy1GZWItMjUtMTgtdm9uLTExMS5qcGciLCJzbGlkZXNob3ciOiI0OWEzMzgyOCJ9\">\n\t\t\t\t\t<div class=\"e-gallery-image elementor-gallery-item__image\" data-thumbnail=\"https:\/\/weinundkultur.eu\/at\/wp-content\/uploads\/sites\/2\/2025\/04\/Verkostung-Feb-25-18-von-111-768x1152.jpg\" data-width=\"768\" data-height=\"1152\" aria-label=\"\" role=\"img\" ><\/div>\n\t\t\t\t\t\t\t\t\t\t\t<div class=\"elementor-gallery-item__overlay\"><\/div>\n\t\t\t\t\t\t\t\t\t\t\t\t\t\t<\/a>\n\t\t\t\t\t\t\t<a class=\"e-gallery-item elementor-gallery-item elementor-animated-content\" href=\"https:\/\/weinundkultur.eu\/at\/wp-content\/uploads\/sites\/2\/2025\/04\/Verkostung-Feb-25-8-von-111.jpg\" data-elementor-open-lightbox=\"yes\" data-elementor-lightbox-slideshow=\"49a33828\" data-elementor-lightbox-title=\"Verkostung Feb 25 (8 von 111)\" data-e-action-hash=\"#elementor-action%3Aaction%3Dlightbox%26settings%3DeyJpZCI6NDIyLCJ1cmwiOiJodHRwczpcL1wvd2VpbnVuZGt1bHR1ci5ldVwvYXRcL3dwLWNvbnRlbnRcL3VwbG9hZHNcL3NpdGVzXC8yXC8yMDI1XC8wNFwvVmVya29zdHVuZy1GZWItMjUtOC12b24tMTExLmpwZyIsInNsaWRlc2hvdyI6IjQ5YTMzODI4In0%3D\">\n\t\t\t\t\t<div class=\"e-gallery-image elementor-gallery-item__image\" data-thumbnail=\"https:\/\/weinundkultur.eu\/at\/wp-content\/uploads\/sites\/2\/2025\/04\/Verkostung-Feb-25-8-von-111-768x1152.jpg\" data-width=\"768\" data-height=\"1152\" aria-label=\"\" role=\"img\" ><\/div>\n\t\t\t\t\t\t\t\t\t\t\t<div class=\"elementor-gallery-item__overlay\"><\/div>\n\t\t\t\t\t\t\t\t\t\t\t\t\t\t<\/a>\n\t\t\t\t\t\t\t<a class=\"e-gallery-item elementor-gallery-item elementor-animated-content\" href=\"https:\/\/weinundkultur.eu\/at\/wp-content\/uploads\/sites\/2\/2025\/04\/Verkostung-Feb-25-27-von-111-1.jpg\" data-elementor-open-lightbox=\"yes\" data-elementor-lightbox-slideshow=\"49a33828\" data-elementor-lightbox-title=\"Verkostung Feb 25 (27 von 111)\" data-e-action-hash=\"#elementor-action%3Aaction%3Dlightbox%26settings%3DeyJpZCI6NDIxLCJ1cmwiOiJodHRwczpcL1wvd2VpbnVuZGt1bHR1ci5ldVwvYXRcL3dwLWNvbnRlbnRcL3VwbG9hZHNcL3NpdGVzXC8yXC8yMDI1XC8wNFwvVmVya29zdHVuZy1GZWItMjUtMjctdm9uLTExMS0xLmpwZyIsInNsaWRlc2hvdyI6IjQ5YTMzODI4In0%3D\">\n\t\t\t\t\t<div class=\"e-gallery-image elementor-gallery-item__image\" data-thumbnail=\"https:\/\/weinundkultur.eu\/at\/wp-content\/uploads\/sites\/2\/2025\/04\/Verkostung-Feb-25-27-von-111-1-768x1152.jpg\" data-width=\"768\" data-height=\"1152\" aria-label=\"\" role=\"img\" ><\/div>\n\t\t\t\t\t\t\t\t\t\t\t<div class=\"elementor-gallery-item__overlay\"><\/div>\n\t\t\t\t\t\t\t\t\t\t\t\t\t\t<\/a>\n\t\t\t\t\t\t\t<a class=\"e-gallery-item elementor-gallery-item elementor-animated-content\" href=\"https:\/\/weinundkultur.eu\/at\/wp-content\/uploads\/sites\/2\/2025\/04\/Verkostung-Feb-25-14-von-111.jpg\" data-elementor-open-lightbox=\"yes\" data-elementor-lightbox-slideshow=\"49a33828\" data-elementor-lightbox-title=\"Verkostung Feb 25 (14 von 111)\" data-e-action-hash=\"#elementor-action%3Aaction%3Dlightbox%26settings%3DeyJpZCI6NDI2LCJ1cmwiOiJodHRwczpcL1wvd2VpbnVuZGt1bHR1ci5ldVwvYXRcL3dwLWNvbnRlbnRcL3VwbG9hZHNcL3NpdGVzXC8yXC8yMDI1XC8wNFwvVmVya29zdHVuZy1GZWItMjUtMTQtdm9uLTExMS5qcGciLCJzbGlkZXNob3ciOiI0OWEzMzgyOCJ9\">\n\t\t\t\t\t<div class=\"e-gallery-image elementor-gallery-item__image\" data-thumbnail=\"https:\/\/weinundkultur.eu\/at\/wp-content\/uploads\/sites\/2\/2025\/04\/Verkostung-Feb-25-14-von-111-768x1152.jpg\" data-width=\"768\" data-height=\"1152\" aria-label=\"\" role=\"img\" ><\/div>\n\t\t\t\t\t\t\t\t\t\t\t<div class=\"elementor-gallery-item__overlay\"><\/div>\n\t\t\t\t\t\t\t\t\t\t\t\t\t\t<\/a>\n\t\t\t\t\t\t\t<a class=\"e-gallery-item elementor-gallery-item elementor-animated-content\" href=\"https:\/\/weinundkultur.eu\/at\/wp-content\/uploads\/sites\/2\/2025\/09\/Verkostung-Feb-25-12-von-111.jpg\" data-elementor-open-lightbox=\"yes\" data-elementor-lightbox-slideshow=\"49a33828\" data-elementor-lightbox-title=\"Verkostung Feb 25 (12 von 111)\" data-e-action-hash=\"#elementor-action%3Aaction%3Dlightbox%26settings%3DeyJpZCI6MTQ3NCwidXJsIjoiaHR0cHM6XC9cL3dlaW51bmRrdWx0dXIuZXVcL2F0XC93cC1jb250ZW50XC91cGxvYWRzXC9zaXRlc1wvMlwvMjAyNVwvMDlcL1Zlcmtvc3R1bmctRmViLTI1LTEyLXZvbi0xMTEuanBnIiwic2xpZGVzaG93IjoiNDlhMzM4MjgifQ%3D%3D\">\n\t\t\t\t\t<div class=\"e-gallery-image elementor-gallery-item__image\" data-thumbnail=\"https:\/\/weinundkultur.eu\/at\/wp-content\/uploads\/sites\/2\/2025\/09\/Verkostung-Feb-25-12-von-111-768x1152.jpg\" data-width=\"768\" data-height=\"1152\" aria-label=\"\" role=\"img\" ><\/div>\n\t\t\t\t\t\t\t\t\t\t\t<div class=\"elementor-gallery-item__overlay\"><\/div>\n\t\t\t\t\t\t\t\t\t\t\t\t\t\t<\/a>\n\t\t\t\t\t\t\t<a class=\"e-gallery-item elementor-gallery-item elementor-animated-content\" href=\"https:\/\/weinundkultur.eu\/at\/wp-content\/uploads\/sites\/2\/2025\/09\/Verkostung-Feb-25-13-von-111.jpg\" data-elementor-open-lightbox=\"yes\" data-elementor-lightbox-slideshow=\"49a33828\" data-elementor-lightbox-title=\"Verkostung Feb 25 (13 von 111)\" data-e-action-hash=\"#elementor-action%3Aaction%3Dlightbox%26settings%3DeyJpZCI6MTQ2OCwidXJsIjoiaHR0cHM6XC9cL3dlaW51bmRrdWx0dXIuZXVcL2F0XC93cC1jb250ZW50XC91cGxvYWRzXC9zaXRlc1wvMlwvMjAyNVwvMDlcL1Zlcmtvc3R1bmctRmViLTI1LTEzLXZvbi0xMTEuanBnIiwic2xpZGVzaG93IjoiNDlhMzM4MjgifQ%3D%3D\">\n\t\t\t\t\t<div class=\"e-gallery-image elementor-gallery-item__image\" data-thumbnail=\"https:\/\/weinundkultur.eu\/at\/wp-content\/uploads\/sites\/2\/2025\/09\/Verkostung-Feb-25-13-von-111-768x1152.jpg\" data-width=\"768\" data-height=\"1152\" aria-label=\"\" role=\"img\" ><\/div>\n\t\t\t\t\t\t\t\t\t\t\t<div class=\"elementor-gallery-item__overlay\"><\/div>\n\t\t\t\t\t\t\t\t\t\t\t\t\t\t<\/a>\n\t\t\t\t\t\t\t<a class=\"e-gallery-item elementor-gallery-item elementor-animated-content\" href=\"https:\/\/weinundkultur.eu\/at\/wp-content\/uploads\/sites\/2\/2025\/09\/Verkostung-Feb-25-34-von-111.jpg\" data-elementor-open-lightbox=\"yes\" data-elementor-lightbox-slideshow=\"49a33828\" data-elementor-lightbox-title=\"Verkostung Feb 25 (34 von 111)\" data-e-action-hash=\"#elementor-action%3Aaction%3Dlightbox%26settings%3DeyJpZCI6MTQ2NSwidXJsIjoiaHR0cHM6XC9cL3dlaW51bmRrdWx0dXIuZXVcL2F0XC93cC1jb250ZW50XC91cGxvYWRzXC9zaXRlc1wvMlwvMjAyNVwvMDlcL1Zlcmtvc3R1bmctRmViLTI1LTM0LXZvbi0xMTEuanBnIiwic2xpZGVzaG93IjoiNDlhMzM4MjgifQ%3D%3D\">\n\t\t\t\t\t<div class=\"e-gallery-image elementor-gallery-item__image\" data-thumbnail=\"https:\/\/weinundkultur.eu\/at\/wp-content\/uploads\/sites\/2\/2025\/09\/Verkostung-Feb-25-34-von-111-768x512.jpg\" data-width=\"768\" data-height=\"512\" aria-label=\"\" role=\"img\" ><\/div>\n\t\t\t\t\t\t\t\t\t\t\t<div class=\"elementor-gallery-item__overlay\"><\/div>\n\t\t\t\t\t\t\t\t\t\t\t\t\t\t<\/a>\n\t\t\t\t\t<\/div>\n\t\t\t\t\t<\/div>\n\t\t\t\t<\/div>\n\t\t\t\t\t<\/div>\n\t\t\t\t<\/div>\n\t\t\t\t<\/div>\n\t\t","protected":false},"excerpt":{"rendered":"<p>Montag 26. Februar 2018 12:00 &#8211; 19:30 Hotel Regina, Wien Hier die italienischen\u00a0Winzer und Lebensmittelhersteller, die\u00a0am\u00a0Montag, 26. Februar 2018\u00a0ihre Weine und Spezialit\u00e4ten bei unserer 15.\u00a0\u00a0Selezione Italia\u00a0vorgestellt haben: Friuli Colutta Wines, Ca\u00b4 Tullio, Grillo, Romano Vitas, Roncus Trentino Cantina Aldeno BIO, Casata Monforte, Bolognani Veneto Villa Angarano, Conte Emo Capodilista,\u00a0Galileo Vini BIO,\u00a0Cantine Vedova, Tenute Tomasella Lombardia [&hellip;]<\/p>\n","protected":false},"author":2,"featured_media":1248,"comment_status":"open","ping_status":"open","sticky":false,"template":"elementor_header_footer","format":"standard","meta":{"_acf_changed":false,"footnotes":""},"categories":[29],"tags":[],"post_folder":[],"class_list":["post-2422","post","type-post","status-publish","format-standard","has-post-thumbnail","hentry","category-vergangene-veranstaltungen"],"acf":[],"_links":{"self":[{"href":"https:\/\/weinundkultur.eu\/at\/wp-json\/wp\/v2\/posts\/2422","targetHints":{"allow":["GET"]}}],"collection":[{"href":"https:\/\/weinundkultur.eu\/at\/wp-json\/wp\/v2\/posts"}],"about":[{"href":"https:\/\/weinundkultur.eu\/at\/wp-json\/wp\/v2\/types\/post"}],"author":[{"embeddable":true,"href":"https:\/\/weinundkultur.eu\/at\/wp-json\/wp\/v2\/users\/2"}],"replies":[{"embeddable":true,"href":"https:\/\/weinundkultur.eu\/at\/wp-json\/wp\/v2\/comments?post=2422"}],"version-history":[{"count":4,"href":"https:\/\/weinundkultur.eu\/at\/wp-json\/wp\/v2\/posts\/2422\/revisions"}],"predecessor-version":[{"id":2436,"href":"https:\/\/weinundkultur.eu\/at\/wp-json\/wp\/v2\/posts\/2422\/revisions\/2436"}],"wp:featuredmedia":[{"embeddable":true,"href":"https:\/\/weinundkultur.eu\/at\/wp-json\/wp\/v2\/media\/1248"}],"wp:attachment":[{"href":"https:\/\/weinundkultur.eu\/at\/wp-json\/wp\/v2\/media?parent=2422"}],"wp:term":[{"taxonomy":"category","embeddable":true,"href":"https:\/\/weinundkultur.eu\/at\/wp-json\/wp\/v2\/categories?post=2422"},{"taxonomy":"post_tag","embeddable":true,"href":"https:\/\/weinundkultur.eu\/at\/wp-json\/wp\/v2\/tags?post=2422"},{"taxonomy":"post_folder","embeddable":true,"href":"https:\/\/weinundkultur.eu\/at\/wp-json\/wp\/v2\/post_folder?post=2422"}],"curies":[{"name":"wp","href":"https:\/\/api.w.org\/{rel}","templated":true}]}}